{"id":104,"date":"2021-12-06T09:20:23","date_gmt":"2021-12-06T09:20:23","guid":{"rendered":"https:\/\/talionis.citic.udc.es\/match\/?p=104"},"modified":"2022-08-22T07:35:50","modified_gmt":"2022-08-22T07:35:50","slug":"congreso-de-accesibilidad-y-vida-independiente-de-cocemfe","status":"publish","type":"post","link":"https:\/\/match-talionis.citic.udc.es\/?p=104","title":{"rendered":"Congreso de Accesibilidad y Vida Independiente de COCEMFE"},"content":{"rendered":"\t\t<div data-elementor-type=\"wp-post\" data-elementor-id=\"104\" class=\"elementor elementor-104\">\n\t\t\t\t\t\t<section class=\"elementor-section elementor-top-section elementor-element elementor-element-de2e376 elementor-section-boxed elementor-section-height-default elementor-section-height-default\" data-id=\"de2e376\" data-element_type=\"section\" data-e-type=\"section\">\n\t\t\t\t\t\t<div class=\"elementor-container elementor-column-gap-default\">\n\t\t\t\t\t<div class=\"elementor-column elementor-col-100 elementor-top-column elementor-element elementor-element-4788558\" data-id=\"4788558\" data-element_type=\"column\" data-e-type=\"column\">\n\t\t\t<div class=\"elementor-widget-wrap elementor-element-populated\">\n\t\t\t\t\t\t<div class=\"elementor-element elementor-element-003300a elementor-widget elementor-widget-text-editor\" data-id=\"003300a\" data-element_type=\"widget\" data-e-type=\"widget\" data-widget_type=\"text-editor.default\">\n\t\t\t\t<div class=\"elementor-widget-container\">\n\t\t\t\t\t\t\t\t\t<p>La Confederaci\u00f3n Espa\u00f1ola de Personas con Discapacidad F\u00edsica y Org\u00e1nica (COCEMFE) celebr\u00f3 el 26 de octubre el&nbsp;<a href=\"https:\/\/observatoriodelaaccesibilidad.es\/congreso-cavi21\">Congreso de Accesibilidad y Vida Independiente: H\u00e1bitat e Innovaci\u00f3n Inclusivas (CAVI21)<\/a>&nbsp;con el que ha pretendido crear un espacio com\u00fan de conocimiento de car\u00e1cter cient\u00edfico en torno a la vida independiente de las personas con discapacidad f\u00edsica y org\u00e1nica.<\/p>\n<p>Durante este encuentro se han presentado investigaciones en materia de accesibilidad y vida independiente, cre\u00e1ndose un espacio de trabajo com\u00fan para favorecer sinergias entre profesionales de la accesibilidad y la autonom\u00eda personal. Adem\u00e1s, tambi\u00e9n pretende establecer una base de conocimiento que sirva para futuras investigaciones y desarrollos de forma de vida inclusivas y en comunidad para las personas con discapacidad.<\/p>\n<p>Entre las ponencias incluidas en el programa, ha participado la investigadora del grupo TALIONIS Thais Pousada, con el t\u00edtulo \u00abEvaluaci\u00f3n de la tecnolog\u00eda para la autonom\u00eda personal\u00bb. Tambi\u00e9n hemos formado parte del Comit\u00e9 Cient\u00edfico del congreso.<\/p>\n<p>Toda la jornada se puede visualizar online a trav\u00e9s del&nbsp;<a href=\"https:\/\/youtu.be\/qxDqLPIFk1Q?t=17385\">Canal de Youtube<\/a>&nbsp;de COCEMFE.<\/p>\n<p>Este congreso ha estado dirigido a cargos p\u00fablicos de las diferentes administraciones y representantes pol\u00edticos, personal docente e investigador universitario, estudiantes universitarios\/as, personal directivo y t\u00e9cnico del movimiento asociativo de la discapacidad y personas interesadas en el tema.<\/p>\n<p>Se espera que a final de a\u00f1o, est\u00e9 disponible el libro de actas con todas las comunicaciones presentadas en el mismo.&nbsp;<\/p>\t\t\t\t\t\t\t\t<\/div>\n\t\t\t\t<\/div>\n\t\t\t\t\t<\/div>\n\t\t<\/div>\n\t\t\t\t\t<\/div>\n\t\t<\/section>\n\t\t\t\t<\/div>\n\t\t","protected":false},"excerpt":{"rendered":"<p>La Confederaci\u00f3n Espa\u00f1ola de Personas con Discapacidad F\u00edsica y Org\u00e1nica (COCEMFE) celebr\u00f3 el 26 de octubre el&nbsp;Congreso de Accesibilidad y Vida [&hellip;]<\/p>\n","protected":false},"author":1,"featured_media":106,"comment_status":"closed","ping_status":"closed","sticky":false,"template":"post-templates\/post_nosidebar.php","format":"standard","meta":{"footnotes":""},"categories":[28],"tags":[13,16,11,12,14,15],"class_list":["post-104","post","type-post","status-publish","format-standard","has-post-thumbnail","hentry","category-congresos-2","tag-accesibilidad","tag-autonomia","tag-cocemfe","tag-congreso","tag-discapacidad","tag-investigacion"],"_links":{"self":[{"href":"https:\/\/match-talionis.citic.udc.es\/index.php?rest_route=\/wp\/v2\/posts\/104","targetHints":{"allow":["GET"]}}],"collection":[{"href":"https:\/\/match-talionis.citic.udc.es\/index.php?rest_route=\/wp\/v2\/posts"}],"about":[{"href":"https:\/\/match-talionis.citic.udc.es\/index.php?rest_route=\/wp\/v2\/types\/post"}],"author":[{"embeddable":true,"href":"https:\/\/match-talionis.citic.udc.es\/index.php?rest_route=\/wp\/v2\/users\/1"}],"replies":[{"embeddable":true,"href":"https:\/\/match-talionis.citic.udc.es\/index.php?rest_route=%2Fwp%2Fv2%2Fcomments&post=104"}],"version-history":[{"count":11,"href":"https:\/\/match-talionis.citic.udc.es\/index.php?rest_route=\/wp\/v2\/posts\/104\/revisions"}],"predecessor-version":[{"id":978,"href":"https:\/\/match-talionis.citic.udc.es\/index.php?rest_route=\/wp\/v2\/posts\/104\/revisions\/978"}],"wp:featuredmedia":[{"embeddable":true,"href":"https:\/\/match-talionis.citic.udc.es\/index.php?rest_route=\/wp\/v2\/media\/106"}],"wp:attachment":[{"href":"https:\/\/match-talionis.citic.udc.es\/index.php?rest_route=%2Fwp%2Fv2%2Fmedia&parent=104"}],"wp:term":[{"taxonomy":"category","embeddable":true,"href":"https:\/\/match-talionis.citic.udc.es\/index.php?rest_route=%2Fwp%2Fv2%2Fcategories&post=104"},{"taxonomy":"post_tag","embeddable":true,"href":"https:\/\/match-talionis.citic.udc.es\/index.php?rest_route=%2Fwp%2Fv2%2Ftags&post=104"}],"curies":[{"name":"wp","href":"https:\/\/api.w.org\/{rel}","templated":true}]}}