{"id":134,"date":"2021-05-28T09:38:21","date_gmt":"2021-05-28T09:38:21","guid":{"rendered":"https:\/\/talionis.citic.udc.es\/match\/?p=134"},"modified":"2022-08-18T08:13:14","modified_gmt":"2022-08-18T08:13:14","slug":"participamos-en-la-jornada-padrino-tecnologico-2021","status":"publish","type":"post","link":"https:\/\/match-talionis.citic.udc.es\/?p=134","title":{"rendered":"Participamos en la Jornada Padrino Tecnol\u00f3gico 2021"},"content":{"rendered":"\t\t<div data-elementor-type=\"wp-post\" data-elementor-id=\"134\" class=\"elementor elementor-134\">\n\t\t\t\t\t\t<section class=\"elementor-section elementor-top-section elementor-element elementor-element-e49f9c7 elementor-section-boxed elementor-section-height-default elementor-section-height-default\" data-id=\"e49f9c7\" data-element_type=\"section\" data-e-type=\"section\">\n\t\t\t\t\t\t<div class=\"elementor-container elementor-column-gap-default\">\n\t\t\t\t\t<div class=\"elementor-column elementor-col-100 elementor-top-column elementor-element elementor-element-9db58f4\" data-id=\"9db58f4\" data-element_type=\"column\" data-e-type=\"column\">\n\t\t\t<div class=\"elementor-widget-wrap elementor-element-populated\">\n\t\t\t\t\t\t<div class=\"elementor-element elementor-element-963aa59 elementor-widget elementor-widget-text-editor\" data-id=\"963aa59\" data-element_type=\"widget\" data-e-type=\"widget\" data-widget_type=\"text-editor.default\">\n\t\t\t\t<div class=\"elementor-widget-container\">\n\t\t\t\t\t\t\t\t\t<p>El martes, 11 de mayo, este a\u00f1o en un formato online, participamos en las Jornadas de Padrino Tecnol\u00f3gico organizadas por la Universidad de Alcal\u00e1. En este evento se presentaron los \u00faltimos desarrollos tecnol\u00f3gicos realizados y que han sido donados a diferentes asociaciones y colegios de educaci\u00f3n especial.<\/p><p>Durante el workshop, Thais Pousada, investigadora del grupo TALIONIS e IP del proyecto \u00abMATCH: Evaluaci\u00f3n y asesoramiento para la mejor eficiencia y efectividad de la tecnolog\u00eda de apoyo\u00bb, financiado por el Ministerio de Ciencia e Innovaci\u00f3n (Ref: PID2019-104323RB-C33), present\u00f3 las caracter\u00edsticas del desarrollo de este proyecto.<\/p>\t\t\t\t\t\t\t\t<\/div>\n\t\t\t\t<\/div>\n\t\t\t\t\t<\/div>\n\t\t<\/div>\n\t\t\t\t\t<\/div>\n\t\t<\/section>\n\t\t\t\t<section class=\"elementor-section elementor-top-section elementor-element elementor-element-51022a5 elementor-section-boxed elementor-section-height-default elementor-section-height-default\" data-id=\"51022a5\" data-element_type=\"section\" data-e-type=\"section\">\n\t\t\t\t\t\t<div class=\"elementor-container elementor-column-gap-default\">\n\t\t\t\t\t<div class=\"elementor-column elementor-col-100 elementor-top-column elementor-element elementor-element-379ed9e\" data-id=\"379ed9e\" data-element_type=\"column\" data-e-type=\"column\">\n\t\t\t<div class=\"elementor-widget-wrap elementor-element-populated\">\n\t\t\t\t\t\t<div class=\"elementor-element elementor-element-1c5fe8e elementor-widget elementor-widget-image\" data-id=\"1c5fe8e\" data-element_type=\"widget\" data-e-type=\"widget\" data-widget_type=\"image.default\">\n\t\t\t\t<div class=\"elementor-widget-container\">\n\t\t\t\t\t\t\t\t\t\t\t\t\t\t\t<img fetchpriority=\"high\" decoding=\"async\" width=\"800\" height=\"400\" src=\"https:\/\/match-talionis.citic.udc.es\/wp-content\/uploads\/2022\/08\/Jornada-Padrino-Tecnologico-2021.jpg\" class=\"attachment-large size-large wp-image-140\" alt=\"\" srcset=\"https:\/\/match-talionis.citic.udc.es\/wp-content\/uploads\/2022\/08\/Jornada-Padrino-Tecnologico-2021.jpg 800w, https:\/\/match-talionis.citic.udc.es\/wp-content\/uploads\/2022\/08\/Jornada-Padrino-Tecnologico-2021-420x210.jpg 420w, https:\/\/match-talionis.citic.udc.es\/wp-content\/uploads\/2022\/08\/Jornada-Padrino-Tecnologico-2021-600x300.jpg 600w\" sizes=\"(max-width: 800px) 100vw, 800px\" \/>\t\t\t\t\t\t\t\t\t\t\t\t\t\t\t<\/div>\n\t\t\t\t<\/div>\n\t\t\t\t\t<\/div>\n\t\t<\/div>\n\t\t\t\t\t<\/div>\n\t\t<\/section>\n\t\t\t\t<section class=\"elementor-section elementor-top-section elementor-element elementor-element-e6e4b3a elementor-section-boxed elementor-section-height-default elementor-section-height-default\" data-id=\"e6e4b3a\" data-element_type=\"section\" data-e-type=\"section\">\n\t\t\t\t\t\t<div class=\"elementor-container elementor-column-gap-default\">\n\t\t\t\t\t<div class=\"elementor-column elementor-col-100 elementor-top-column elementor-element elementor-element-611a0a9\" data-id=\"611a0a9\" data-element_type=\"column\" data-e-type=\"column\">\n\t\t\t<div class=\"elementor-widget-wrap elementor-element-populated\">\n\t\t\t\t\t\t<div class=\"elementor-element elementor-element-c5cba7d elementor-widget elementor-widget-text-editor\" data-id=\"c5cba7d\" data-element_type=\"widget\" data-e-type=\"widget\" data-widget_type=\"text-editor.default\">\n\t\t\t\t<div class=\"elementor-widget-container\">\n\t\t\t\t\t\t\t\t\t<p>MATCH se est\u00e1 llevando a cabo de forma coordinada con investigadores de la propia Universidad de Alcal\u00e1 y del grupo TAIS de la Universidad de Sevilla. La plataforma rob\u00f3tica es uno de los principales desarrollos tecnol\u00f3gicos que se implementar\u00e1 en los centros con personas con diversidad funcional a partir del mes de septiembre.<\/p>\t\t\t\t\t\t\t\t<\/div>\n\t\t\t\t<\/div>\n\t\t\t\t\t<\/div>\n\t\t<\/div>\n\t\t\t\t\t<\/div>\n\t\t<\/section>\n\t\t\t\t<\/div>\n\t\t","protected":false},"excerpt":{"rendered":"<p>El martes, 11 de mayo, este a\u00f1o en un formato online, participamos en las Jornadas de Padrino Tecnol\u00f3gico organizadas por la [&hellip;]<\/p>\n","protected":false},"author":1,"featured_media":145,"comment_status":"closed","ping_status":"closed","sticky":false,"template":"post-templates\/post_nosidebar.php","format":"standard","meta":{"footnotes":""},"categories":[29],"tags":[30,32,22,31],"class_list":["post-134","post","type-post","status-publish","format-standard","has-post-thumbnail","hentry","category-jornadas","tag-colegios","tag-robotica","tag-tecnologia","tag-universidaddealcala"],"_links":{"self":[{"href":"https:\/\/match-talionis.citic.udc.es\/index.php?rest_route=\/wp\/v2\/posts\/134","targetHints":{"allow":["GET"]}}],"collection":[{"href":"https:\/\/match-talionis.citic.udc.es\/index.php?rest_route=\/wp\/v2\/posts"}],"about":[{"href":"https:\/\/match-talionis.citic.udc.es\/index.php?rest_route=\/wp\/v2\/types\/post"}],"author":[{"embeddable":true,"href":"https:\/\/match-talionis.citic.udc.es\/index.php?rest_route=\/wp\/v2\/users\/1"}],"replies":[{"embeddable":true,"href":"https:\/\/match-talionis.citic.udc.es\/index.php?rest_route=%2Fwp%2Fv2%2Fcomments&post=134"}],"version-history":[{"count":17,"href":"https:\/\/match-talionis.citic.udc.es\/index.php?rest_route=\/wp\/v2\/posts\/134\/revisions"}],"predecessor-version":[{"id":951,"href":"https:\/\/match-talionis.citic.udc.es\/index.php?rest_route=\/wp\/v2\/posts\/134\/revisions\/951"}],"wp:featuredmedia":[{"embeddable":true,"href":"https:\/\/match-talionis.citic.udc.es\/index.php?rest_route=\/wp\/v2\/media\/145"}],"wp:attachment":[{"href":"https:\/\/match-talionis.citic.udc.es\/index.php?rest_route=%2Fwp%2Fv2%2Fmedia&parent=134"}],"wp:term":[{"taxonomy":"category","embeddable":true,"href":"https:\/\/match-talionis.citic.udc.es\/index.php?rest_route=%2Fwp%2Fv2%2Fcategories&post=134"},{"taxonomy":"post_tag","embeddable":true,"href":"https:\/\/match-talionis.citic.udc.es\/index.php?rest_route=%2Fwp%2Fv2%2Ftags&post=134"}],"curies":[{"name":"wp","href":"https:\/\/api.w.org\/{rel}","templated":true}]}}