{"id":149,"date":"2022-04-04T09:48:18","date_gmt":"2022-04-04T09:48:18","guid":{"rendered":"https:\/\/talionis.citic.udc.es\/match\/?p=149"},"modified":"2022-08-18T08:03:08","modified_gmt":"2022-08-18T08:03:08","slug":"xi-jornadas-cientificas-internacionales-de-investigacion-sobre-personas-con-discapacidad","status":"publish","type":"post","link":"https:\/\/match-talionis.citic.udc.es\/?p=149","title":{"rendered":"XI Jornadas Cient\u00edficas Internacionales de Investigaci\u00f3n sobre personas con discapacidad"},"content":{"rendered":"\t\t<div data-elementor-type=\"wp-post\" data-elementor-id=\"149\" class=\"elementor elementor-149\">\n\t\t\t\t\t\t<section class=\"elementor-section elementor-top-section elementor-element elementor-element-c9bf39b elementor-section-boxed elementor-section-height-default elementor-section-height-default\" data-id=\"c9bf39b\" data-element_type=\"section\" data-e-type=\"section\">\n\t\t\t\t\t\t<div class=\"elementor-container elementor-column-gap-default\">\n\t\t\t\t\t<div class=\"elementor-column elementor-col-100 elementor-top-column elementor-element elementor-element-28040b2\" data-id=\"28040b2\" data-element_type=\"column\" data-e-type=\"column\">\n\t\t\t<div class=\"elementor-widget-wrap elementor-element-populated\">\n\t\t\t\t\t\t<div class=\"elementor-element elementor-element-916f6dd elementor-widget elementor-widget-text-editor\" data-id=\"916f6dd\" data-element_type=\"widget\" data-e-type=\"widget\" data-widget_type=\"text-editor.default\">\n\t\t\t\t<div class=\"elementor-widget-container\">\n\t\t\t\t\t\t\t\t\t<p>Entre los d\u00edas 16 y 18 de marzo se llevaron a cabo en Salamanca estas jornadas de investigaci\u00f3n sobre personas con discapacidad, bajo el t\u00edtulo de \u00ab<a href=\"https:\/\/jornadas-inico.usal.es\/\">Calidad de Vida y Apoyos: El Poder de la Evidencia<\/a>\u00bb.<\/p>\n<p>Thais Pousada particip\u00f3 en las mismas, en representaci\u00f3n del grupo TALIONIS, como moderadora del simposium \u00abInteligencia artificial y Tecnolog\u00eda Rob\u00f3tica de Apoyo para personas con Diversidad Funcional (AIR4DP)\u00bb.<\/p>\n<p>Tambi\u00e9n formaron parte de la sesi\u00f3n miembros del equipo de la Universidad de Alcal\u00e1 y la Universidad de Sevilla para presentar sus avances en el proyecto coordinado \u00abInteligencia artificial y Tecnolog\u00eda Rob\u00f3tica de Apoyo para personas con Diversidad Funcional\u00bb y que cuenta con financiaci\u00f3n del Ministerio de Ciencia e Innovaci\u00f3n (Ref: PID2019-104323RB).<\/p>\n<p>Ha sido una oportunidad para presentar los resultados preliminares de cada subproyecto y dar a conocer el desarrollo ejecutivo conjunto.<\/p>\t\t\t\t\t\t\t\t<\/div>\n\t\t\t\t<\/div>\n\t\t\t\t\t<\/div>\n\t\t<\/div>\n\t\t\t\t\t<\/div>\n\t\t<\/section>\n\t\t\t\t<section class=\"elementor-section elementor-top-section elementor-element elementor-element-73d034c elementor-section-boxed elementor-section-height-default elementor-section-height-default\" data-id=\"73d034c\" data-element_type=\"section\" data-e-type=\"section\">\n\t\t\t\t\t\t<div class=\"elementor-container elementor-column-gap-default\">\n\t\t\t\t\t<div class=\"elementor-column elementor-col-100 elementor-top-column elementor-element elementor-element-3de249b\" data-id=\"3de249b\" data-element_type=\"column\" data-e-type=\"column\">\n\t\t\t<div class=\"elementor-widget-wrap elementor-element-populated\">\n\t\t\t\t\t\t<div class=\"elementor-element elementor-element-589c86b elementor-widget elementor-widget-image\" data-id=\"589c86b\" data-element_type=\"widget\" data-e-type=\"widget\" data-widget_type=\"image.default\">\n\t\t\t\t<div class=\"elementor-widget-container\">\n\t\t\t\t\t\t\t\t\t\t\t\t\t\t\t<img fetchpriority=\"high\" decoding=\"async\" width=\"1024\" height=\"731\" src=\"https:\/\/match-talionis.citic.udc.es\/wp-content\/uploads\/2022\/08\/XI-Jornadas-Cientificas-Internacionales-de-Investi.jpg\" class=\"attachment-large size-large wp-image-152\" alt=\"\" srcset=\"https:\/\/match-talionis.citic.udc.es\/wp-content\/uploads\/2022\/08\/XI-Jornadas-Cientificas-Internacionales-de-Investi.jpg 1120w, https:\/\/match-talionis.citic.udc.es\/wp-content\/uploads\/2022\/08\/XI-Jornadas-Cientificas-Internacionales-de-Investi-420x300.jpg 420w, https:\/\/match-talionis.citic.udc.es\/wp-content\/uploads\/2022\/08\/XI-Jornadas-Cientificas-Internacionales-de-Investi-800x571.jpg 800w\" sizes=\"(max-width: 1024px) 100vw, 1024px\" \/>\t\t\t\t\t\t\t\t\t\t\t\t\t\t\t<\/div>\n\t\t\t\t<\/div>\n\t\t\t\t\t<\/div>\n\t\t<\/div>\n\t\t\t\t\t<\/div>\n\t\t<\/section>\n\t\t\t\t<\/div>\n\t\t","protected":false},"excerpt":{"rendered":"<p>Entre los d\u00edas 16 y 18 de marzo se llevaron a cabo en Salamanca estas jornadas de investigaci\u00f3n sobre personas con [&hellip;]<\/p>\n","protected":false},"author":1,"featured_media":151,"comment_status":"closed","ping_status":"closed","sticky":false,"template":"post-templates\/post_nosidebar.php","format":"standard","meta":{"footnotes":""},"categories":[29],"tags":[33,14,35,34],"class_list":["post-149","post","type-post","status-publish","format-standard","has-post-thumbnail","hentry","category-jornadas","tag-air4dp","tag-discapacidad","tag-diversidadfuncional","tag-proyectos"],"_links":{"self":[{"href":"https:\/\/match-talionis.citic.udc.es\/index.php?rest_route=\/wp\/v2\/posts\/149","targetHints":{"allow":["GET"]}}],"collection":[{"href":"https:\/\/match-talionis.citic.udc.es\/index.php?rest_route=\/wp\/v2\/posts"}],"about":[{"href":"https:\/\/match-talionis.citic.udc.es\/index.php?rest_route=\/wp\/v2\/types\/post"}],"author":[{"embeddable":true,"href":"https:\/\/match-talionis.citic.udc.es\/index.php?rest_route=\/wp\/v2\/users\/1"}],"replies":[{"embeddable":true,"href":"https:\/\/match-talionis.citic.udc.es\/index.php?rest_route=%2Fwp%2Fv2%2Fcomments&post=149"}],"version-history":[{"count":11,"href":"https:\/\/match-talionis.citic.udc.es\/index.php?rest_route=\/wp\/v2\/posts\/149\/revisions"}],"predecessor-version":[{"id":939,"href":"https:\/\/match-talionis.citic.udc.es\/index.php?rest_route=\/wp\/v2\/posts\/149\/revisions\/939"}],"wp:featuredmedia":[{"embeddable":true,"href":"https:\/\/match-talionis.citic.udc.es\/index.php?rest_route=\/wp\/v2\/media\/151"}],"wp:attachment":[{"href":"https:\/\/match-talionis.citic.udc.es\/index.php?rest_route=%2Fwp%2Fv2%2Fmedia&parent=149"}],"wp:term":[{"taxonomy":"category","embeddable":true,"href":"https:\/\/match-talionis.citic.udc.es\/index.php?rest_route=%2Fwp%2Fv2%2Fcategories&post=149"},{"taxonomy":"post_tag","embeddable":true,"href":"https:\/\/match-talionis.citic.udc.es\/index.php?rest_route=%2Fwp%2Fv2%2Ftags&post=149"}],"curies":[{"name":"wp","href":"https:\/\/api.w.org\/{rel}","templated":true}]}}